{"id":12534,"date":"2023-11-07T10:22:48","date_gmt":"2023-11-07T09:22:48","guid":{"rendered":"https:\/\/south-bridge.com\/?p=12534"},"modified":"2025-03-04T11:48:16","modified_gmt":"2025-03-04T10:48:16","slug":"made-in-morocco-days-hassan-belkhayat-moderera-une-seance-pleniere","status":"publish","type":"post","link":"https:\/\/south-bridge.com\/en\/made-in-morocco-days-hassan-belkhayat-moderera-une-seance-pleniere\/","title":{"rendered":"Made in Morocco Days: Hassan Belkhayat to moderate plenary session"},"content":{"rendered":"<div data-elementor-type=\"wp-post\" data-elementor-id=\"12534\" class=\"elementor elementor-12534\">\n\t\t\t\t\t\t<section class=\"elementor-section elementor-top-section elementor-element elementor-element-df042bd elementor-section-boxed elementor-section-height-default elementor-section-height-default\" data-id=\"df042bd\" data-element_type=\"section\" data-e-type=\"section\">\n\t\t\t\t\t\t<div class=\"elementor-container elementor-column-gap-default\">\n\t\t\t\t\t<div class=\"elementor-column elementor-col-100 elementor-top-column elementor-element elementor-element-63f29cc ot-flex-column-vertical\" data-id=\"63f29cc\" data-element_type=\"column\" data-e-type=\"column\">\n\t\t\t<div class=\"elementor-widget-wrap elementor-element-populated\">\n\t\t\t\t\t\t<div class=\"elementor-element elementor-element-b4e3f90 elementor-widget elementor-widget-text-editor\" data-id=\"b4e3f90\" data-element_type=\"widget\" data-e-type=\"widget\" data-widget_type=\"text-editor.default\">\n\t\t\t\t<div class=\"elementor-widget-container\">\n\t\t\t\t\t\t\t\t\t<p><a id=\"ember37\" class=\"ember-view\" href=\"https:\/\/www.linkedin.com\/in\/hassan-belkhayat-5064081\/\">Hassan Belkhayat<\/a>co-founder of Southbridge A&amp;I, will moderate the plenary session \u201cMade in Morocco: Moroccan brands and the challenge of the domestic market\u201d on Thursday, November 9, during the <a class=\"app-aware-link\" href=\"https:\/\/www.linkedin.com\/company\/les-journ%C3%A9es-made-in-morocco\/\" target=\"_self\" data-test-app-aware-link=\"\">Made in Morocco days <\/a>.<\/p>\n<p>A discussion that will bring together <a id=\"ember38\" class=\"ember-view\" href=\"https:\/\/www.linkedin.com\/in\/youssef-ahizoune-b120592b\/\">Youssef Ahizoune<\/a> (CEO and Founder of Arma Group), <a id=\"ember39\" class=\"ember-view\" href=\"https:\/\/www.linkedin.com\/in\/abdelhamid-chafai-el-alaoui-931b01261\/\">Abdelhamid Chafai El Alaoui<\/a> (COSUMAR Group Executive Vice President), <a id=\"ember40\" class=\"ember-view\" href=\"https:\/\/www.linkedin.com\/in\/reda-essakalli-74495325\/\">Reda Essakalli<\/a> (Founder and CEO of We Brand) and <a id=\"ember41\" class=\"ember-view\" href=\"https:\/\/www.linkedin.com\/in\/fadila-el-gadi-76093b70\/\">Fadila EL GADI<\/a> (Fashion designer and founder of the Sal\u00e9 embroidery school). <\/p>\n<p>Thursday, November 8, 11:30 a.m. to 12:30 p.m. at the<a class=\"app-aware-link\" href=\"https:\/\/www.linkedin.com\/company\/um6p\/\" target=\"_self\" data-test-app-aware-link=\"\">UM6P &#8211; Mohammed VI Polytechnic University<\/a> (Rabat-Sal\u00e9 Campus) <\/p>\n<p><img decoding=\"async\" draggable=\"false\" role=\"img\" class=\"emoji\" alt=\"\ud83d\udd17\" src=\"https:\/\/s.w.org\/images\/core\/emoji\/14.0.0\/svg\/1f517.svg\">Registration on : <a class=\"app-aware-link\" href=\"https:\/\/lnkd.in\/eCrrCPr6\" target=\"_self\" data-test-app-aware-link=\"\">https:\/\/lnkd.in\/eCrrCPr6<\/a><\/p>\n<p><a class=\"app-aware-link\" href=\"https:\/\/www.linkedin.com\/feed\/hashtag\/?keywords=madeinmoroccodays&amp;highlightedUpdateUrns=urn%3Ali%3Aactivity%3A7127574883860918272\" data-test-app-aware-link=\"\"><span aria-hidden=\"true\">#<\/span>MadeinMoroccoDays<\/a><br><br><\/p>\t\t\t\t\t\t\t\t<\/div>\n\t\t\t\t<\/div>\n\t\t\t\t\t<\/div>\n\t\t<\/div>\n\t\t\t\t\t<\/div>\n\t\t<\/section>\n\t\t\t\t<\/div>","protected":false},"excerpt":{"rendered":"<p>Hassan Belkhayat, Co-fondateur de Southbridge A&amp;I , mod\u00e9rera, jeudi 9 novembre, la s\u00e9ance pl\u00e9ni\u00e8re \u00ab\u00a0Le Made in Morocco: les marques marocaines et le d\u00e9fi du march\u00e9 domestique\u00a0\u00bb lors des Made in Morocco days . Une discussion qui r\u00e9unira Youssef Ahizoune (PDG et Fondateur de Arma Group), Abdelhamid Chafai El Alaoui (Directeur g\u00e9n\u00e9ral adjoint du Groupe [&hellip;]<\/p>\n","protected":false},"author":1,"featured_media":12536,"comment_status":"closed","ping_status":"open","sticky":false,"template":"","format":"standard","meta":{"footnotes":""},"categories":[31],"tags":[],"class_list":["post-12534","post","type-post","status-publish","format-standard","has-post-thumbnail","hentry","category-actualites"],"aioseo_notices":[],"_links":{"self":[{"href":"https:\/\/south-bridge.com\/en\/wp-json\/wp\/v2\/posts\/12534","targetHints":{"allow":["GET"]}}],"collection":[{"href":"https:\/\/south-bridge.com\/en\/wp-json\/wp\/v2\/posts"}],"about":[{"href":"https:\/\/south-bridge.com\/en\/wp-json\/wp\/v2\/types\/post"}],"author":[{"embeddable":true,"href":"https:\/\/south-bridge.com\/en\/wp-json\/wp\/v2\/users\/1"}],"replies":[{"embeddable":true,"href":"https:\/\/south-bridge.com\/en\/wp-json\/wp\/v2\/comments?post=12534"}],"version-history":[{"count":13,"href":"https:\/\/south-bridge.com\/en\/wp-json\/wp\/v2\/posts\/12534\/revisions"}],"predecessor-version":[{"id":12560,"href":"https:\/\/south-bridge.com\/en\/wp-json\/wp\/v2\/posts\/12534\/revisions\/12560"}],"wp:featuredmedia":[{"embeddable":true,"href":"https:\/\/south-bridge.com\/en\/wp-json\/wp\/v2\/media\/12536"}],"wp:attachment":[{"href":"https:\/\/south-bridge.com\/en\/wp-json\/wp\/v2\/media?parent=12534"}],"wp:term":[{"taxonomy":"category","embeddable":true,"href":"https:\/\/south-bridge.com\/en\/wp-json\/wp\/v2\/categories?post=12534"},{"taxonomy":"post_tag","embeddable":true,"href":"https:\/\/south-bridge.com\/en\/wp-json\/wp\/v2\/tags?post=12534"}],"curies":[{"name":"wp","href":"https:\/\/api.w.org\/{rel}","templated":true}]}}